{"id":9476,"date":"2024-03-22T21:55:34","date_gmt":"2024-03-23T02:55:34","guid":{"rendered":"https:\/\/tamboblanquillo.com\/blog\/wanamey-arbol-de-la-vida-por-darwin-moscoso\/"},"modified":"2024-07-16T19:23:43","modified_gmt":"2024-07-17T00:23:43","slug":"wanamey-arbol-de-la-vida-por-darwin-moscoso","status":"publish","type":"post","link":"https:\/\/tamboblanquillo.com\/es\/blog\/wanamey-arbol-de-la-vida-por-darwin-moscoso\/","title":{"rendered":"Wanamey: \u00c1rbol de la Vida por Darwin Moscoso"},"content":{"rendered":"\n<p>La regi\u00f3n del Amazonas de Madre de Dios alberga pueblos ind\u00edgenas \u00fanicos en diversidad cultural, creencias, estructura social y organizaci\u00f3n econ\u00f3mica y pol\u00edtica.<\/p>\n<div class=\"wp-block-image\">\n<figure class=\"aligncenter size-full is-resized\"><img fetchpriority=\"high\" decoding=\"async\" width=\"650\" height=\"365\" src=\"https:\/\/tamboblanquillo.com\/wp-content\/uploads\/2024\/03\/image-10.png\" alt=\"\" class=\"wp-image-8279\" style=\"width:650px;height:auto\" srcset=\"https:\/\/tamboblanquillo.com\/wp-content\/uploads\/2024\/03\/image-10.png 650w, https:\/\/tamboblanquillo.com\/wp-content\/uploads\/2024\/03\/image-10-300x168.png 300w\" sizes=\"(max-width: 650px) 100vw, 650px\" \/><figcaption class=\"wp-element-caption\"><strong>Situada en territorio Harakbut, RCA fue establecida como \u00e1rea natural protegida el 9 de mayo de 2020 por el gobierno peruano.<\/strong><\/figcaption><\/figure><\/div>\n<p>Vecina de la Reserva Comunal Amarakaeri (<strong>ACR<\/strong>), la Reserva Natural Privada Amaz\u00f3nica Tambo Blanquillo cumple la misma misi\u00f3n como herramienta directa para la preservaci\u00f3n del \u00e1rea. Gracias a esto, la protecci\u00f3n de los afluentes que conectan a las comunidades ind\u00edgenas de las tribus Harakbut, Yine y Matsiguenka, es hoy una realidad.<\/p>\n<div class=\"wp-block-image\">\n<figure class=\"aligncenter size-full\"><img decoding=\"async\" width=\"572\" height=\"500\" src=\"https:\/\/tamboblanquillo.com\/wp-content\/uploads\/2024\/03\/image-11.png\" alt=\"\" class=\"wp-image-8280\" srcset=\"https:\/\/tamboblanquillo.com\/wp-content\/uploads\/2024\/03\/image-11.png 572w, https:\/\/tamboblanquillo.com\/wp-content\/uploads\/2024\/03\/image-11-300x262.png 300w\" sizes=\"(max-width: 572px) 100vw, 572px\" \/><\/figure><\/div>\n<p>Al igual que otras tribus amaz\u00f3nicas, los Harakbut han acumulado conocimientos incalculables que les han ayudado a contrarrestar los desaf\u00edos habituales que impone la naturaleza.<\/p>\n\n<p>Estas ense\u00f1anzas sobre el mundo antiguo nos cuentan c\u00f3mo los recursos que provienen del bosque se mezclan con el suelo, el agua y criaturas m\u00e1gicas que a\u00fan se conservan en la tradici\u00f3n local como mitos.<\/p>\n\n<p>Seg\u00fan la visi\u00f3n Harakbut Cosmo todas las cosas iban a revertirse, los hombres iban a ser animales u otros seres. En ese sentido, para los Harakbut todo lo f\u00edsico tiene una parte equivalente en el mundo espiritual (cada elemento tiene su w\u00e4mew\u00ebre -esp\u00edritu, alma o equivalente)- y existe en la vida f\u00edsica tanto como en la vida invisible.<\/p>\n<div class=\"wp-block-image\">\n<figure class=\"aligncenter size-full\"><img decoding=\"async\" width=\"542\" height=\"406\" src=\"https:\/\/tamboblanquillo.com\/wp-content\/uploads\/2024\/03\/image-12.png\" alt=\"\" class=\"wp-image-8281\" srcset=\"https:\/\/tamboblanquillo.com\/wp-content\/uploads\/2024\/03\/image-12.png 542w, https:\/\/tamboblanquillo.com\/wp-content\/uploads\/2024\/03\/image-12-300x225.png 300w, https:\/\/tamboblanquillo.com\/wp-content\/uploads\/2024\/03\/image-12-386x290.png 386w\" sizes=\"(max-width: 542px) 100vw, 542px\" \/><figcaption class=\"wp-element-caption\"><strong>De estos ecosistemas inundables, representativos del territorio Harakbut, se extienden estrechos vapores.<\/strong><\/figcaption><\/figure><\/div>\n<p>Wandari es el n\u00facleo de vida de las familias Harakbut reflejado en el espacio espiritual que equilibra la vida diaria de ser Harakbut. Es un espacio vivo donde hay un intercambio de familias, flora, fauna y esp\u00edritus de los seres que habitan el bosque que mantienen una relaci\u00f3n asim\u00e9trica entre el mundo f\u00edsico y el invisible.<\/p>\n\n<p>Todo empez\u00f3 ese d\u00eda, cuando grandes bandadas de p\u00e1jaros de todo tipo cruzaban el cielo de este a oeste. Hac\u00eda tiempo que no llov\u00eda en abundancia. Los grandes r\u00edos parec\u00edan peque\u00f1os arroyos, todo estaba cambiando.<\/p>\n\n<p>Despu\u00e9s de los p\u00e1jaros vinieron grupos de decenas de cientos de insectos voladores que iban y ven\u00edan directamente junto a nosotros sin siquiera una sola pausa.<\/p>\n\n<p>Primero los reptiles, despu\u00e9s los mam\u00edferos, ya sab\u00edamos lo que ten\u00edamos que hacer. Corre junto con todos ellos en busca del &#8216;Wanamey&#8217;: El \u00c1rbol de la Vida. El \u00e1rbol m\u00e1s grande jam\u00e1s visto. Pronto, nubes de cenizas calientes comenzaron a llenar la atm\u00f3sfera convirtiendo todo en oscuridad, lo que no nos detuvo. &#8216;Wanamey&#8217; fue nuestra salvaci\u00f3n, el Dios Sol envi\u00f3 su mensajero de fuego para quemar todo lo que se cruzara con \u00e9l.<\/p>\n\n<p>El \u00e9xodo para llegar al lugar donde yac\u00eda el llamado &#8216;Wanamey&#8217; dur\u00f3 semanas. Casi todos hab\u00edan muerto en el camino. S\u00f3lo una pareja de cada especie pudo alcanzar la salvaci\u00f3n y el \u00c1rbol de la Vida.<\/p>\n\n<h2 class=\"wp-block-heading\"><strong>Wanamey: El \u00e1rbol de la vida &#8211; Mito Harakbut<\/strong><\/h2>\n<div class=\"wp-block-image\">\n<figure class=\"aligncenter size-full\"><img loading=\"lazy\" decoding=\"async\" width=\"602\" height=\"401\" src=\"https:\/\/tamboblanquillo.com\/wp-content\/uploads\/2024\/03\/image-13.png\" alt=\"\" class=\"wp-image-8282\" srcset=\"https:\/\/tamboblanquillo.com\/wp-content\/uploads\/2024\/03\/image-13.png 602w, https:\/\/tamboblanquillo.com\/wp-content\/uploads\/2024\/03\/image-13-300x200.png 300w\" sizes=\"(max-width: 602px) 100vw, 602px\" \/><figcaption class=\"wp-element-caption\"><strong>Representantes de Harakbut saludan al Papa Francisco durante su \u00faltima visita a Puerto Maldonado.<\/strong><\/figcaption><\/figure><\/div>\n<p>Todo era un caos, todos quer\u00edan hacer cumbre y llegar a la cima del \u00c1rbol de la Vida. Por lo tanto, se llen\u00f3 demasiado y ocurrieron numerosos incidentes antes de que pudi\u00e9ramos encontrar refugio en las sucursales del &#8216;Wanamey&#8217;.<\/p>\n\n<p>A\u00fan recuerdo con claridad c\u00f3mo el jaguar monocolor que hab\u00eda conocido, corr\u00eda tratando de apagar sus llamas. Hasta ahora a\u00fan conserva esas manchas oscuras provocadas por aquel incendio.<\/p>\n\n<p>Recuerdo el ruido \u00e1spero que se deslizaba r\u00e1pidamente entre las inmensas aletas del &#8216;Wanamey&#8217;, cuando de repente, un fuerte viento sopl\u00f3 alto, pero las enormes ramas nos protegieron&#8230; Entonces, despu\u00e9s de moverme r\u00e1pidamente dej\u00e9 caer mi hacha sobre el pico de paujil, parti\u00e9ndolo hasta hace unos d\u00edas. Todos ten\u00edamos que comer en el \u00e1rbol, eso nos daba suficiente comida.<\/p>\n\n<p>Ese d\u00eda hab\u00edamos comido muchas semillas de palma, junto con algunas otras aves. El cacique, que hab\u00eda comido m\u00e1s de lo necesario, fue aplastado accidentalmente por un enorme carpincho, lo que le hizo sacar sus heces mostrando los t\u00edpicos restos amarillos que a\u00fan conserva. \u00a1Todo sigui\u00f3! Todos hab\u00edamos sufrido desde el principio, pero despu\u00e9s vino la lluvia y pas\u00f3 el fuego. Despu\u00e9s todo se puso verde hasta ahora. As\u00ed que esperemos que la lluvia no nos vuelva a dejar, si as\u00ed fuera creo que podr\u00edamos desaparecer porque el &#8216;Wanamey&#8217; ya no est\u00e1 con nosotros.<\/p>\n\n<p>Recientes investigaciones geol\u00f3gicas se han estado realizando en una vasta zona del Amazonas. Estos datos sugieren que hace aproximadamente dos mil a\u00f1os se busc\u00f3 que se produjera un incendio masivo en la cuenca del Amazonas.<\/p>\n\n<p><a href=\"https:\/\/tamboblanquillo.com\/es\/contacto\/\">.Puedes visitar el Parque Nacional del Manu con nosotros, cont\u00e1ctanos para reservar una fecha en Tambo Blanquillo para conocer la mayor biodiversidad jam\u00e1s vista.<\/a><\/p>\n","protected":false},"excerpt":{"rendered":"<div class=\"tmnf_excerpt\"><p>La regi\u00f3n del Amazonas de Madre de Dios alberga pueblos ind\u00edgenas \u00fanicos en diversidad cultural, creencias, estructura social y organizaci\u00f3n econ\u00f3mica y pol\u00edtica. Vecina de la Reserva Comunal Amarakaeri (ACR), la Reserva Natural Privada Amaz\u00f3nica Tambo Blanquillo cumple la misma misi\u00f3n como herramienta directa para la preservaci\u00f3n del \u00e1rea. Gracias a esto, la protecci\u00f3n de &hellip;<\/p>\n<\/div>","protected":false},"author":2,"featured_media":8960,"comment_status":"closed","ping_status":"closed","sticky":false,"template":"","format":"standard","meta":{"footnotes":""},"categories":[141],"tags":[142,146,143,145,151],"_links":{"self":[{"href":"https:\/\/tamboblanquillo.com\/es\/wp-json\/wp\/v2\/posts\/9476"}],"collection":[{"href":"https:\/\/tamboblanquillo.com\/es\/wp-json\/wp\/v2\/posts"}],"about":[{"href":"https:\/\/tamboblanquillo.com\/es\/wp-json\/wp\/v2\/types\/post"}],"author":[{"embeddable":true,"href":"https:\/\/tamboblanquillo.com\/es\/wp-json\/wp\/v2\/users\/2"}],"replies":[{"embeddable":true,"href":"https:\/\/tamboblanquillo.com\/es\/wp-json\/wp\/v2\/comments?post=9476"}],"version-history":[{"count":0,"href":"https:\/\/tamboblanquillo.com\/es\/wp-json\/wp\/v2\/posts\/9476\/revisions"}],"wp:featuredmedia":[{"embeddable":true,"href":"https:\/\/tamboblanquillo.com\/es\/wp-json\/wp\/v2\/media\/8960"}],"wp:attachment":[{"href":"https:\/\/tamboblanquillo.com\/es\/wp-json\/wp\/v2\/media?parent=9476"}],"wp:term":[{"taxonomy":"category","embeddable":true,"href":"https:\/\/tamboblanquillo.com\/es\/wp-json\/wp\/v2\/categories?post=9476"},{"taxonomy":"post_tag","embeddable":true,"href":"https:\/\/tamboblanquillo.com\/es\/wp-json\/wp\/v2\/tags?post=9476"}],"curies":[{"name":"wp","href":"https:\/\/api.w.org\/{rel}","templated":true}]}}